{"id":58,"date":"2025-06-10T18:16:22","date_gmt":"2025-06-10T16:16:22","guid":{"rendered":"https:\/\/www.haste-toene-dinslaken.de\/?p=58"},"modified":"2025-06-10T18:16:22","modified_gmt":"2025-06-10T16:16:22","slug":"chorwochenende-2025","status":"publish","type":"post","link":"https:\/\/www.haste-toene-dinslaken.de\/index.php\/2025\/06\/10\/chorwochenende-2025\/","title":{"rendered":"Chorwochenende 2025"},"content":{"rendered":"\n<blockquote class=\"wp-block-quote is-layout-flow wp-block-quote-is-layout-flow\">\n<p>Singen ist eine edle Kunst und \u00dcbung.   (Martin Luther)<\/p>\n<\/blockquote>\n\n\n\n<figure class=\"wp-block-image size-large\"><img loading=\"lazy\" decoding=\"async\" width=\"1024\" height=\"525\" src=\"https:\/\/www.haste-toene-dinslaken.de\/wp-content\/uploads\/2025\/06\/WhatsApp-Bild-2025-05-31-um-17.03.27_ee870cb6-e1749571502731-1024x525.jpg\" alt=\"\" class=\"wp-image-63\" srcset=\"https:\/\/www.haste-toene-dinslaken.de\/wp-content\/uploads\/2025\/06\/WhatsApp-Bild-2025-05-31-um-17.03.27_ee870cb6-e1749571502731-1024x525.jpg 1024w, https:\/\/www.haste-toene-dinslaken.de\/wp-content\/uploads\/2025\/06\/WhatsApp-Bild-2025-05-31-um-17.03.27_ee870cb6-e1749571502731-300x154.jpg 300w, https:\/\/www.haste-toene-dinslaken.de\/wp-content\/uploads\/2025\/06\/WhatsApp-Bild-2025-05-31-um-17.03.27_ee870cb6-e1749571502731-768x394.jpg 768w, https:\/\/www.haste-toene-dinslaken.de\/wp-content\/uploads\/2025\/06\/WhatsApp-Bild-2025-05-31-um-17.03.27_ee870cb6-e1749571502731-1536x787.jpg 1536w, https:\/\/www.haste-toene-dinslaken.de\/wp-content\/uploads\/2025\/06\/WhatsApp-Bild-2025-05-31-um-17.03.27_ee870cb6-e1749571502731-500x256.jpg 500w, https:\/\/www.haste-toene-dinslaken.de\/wp-content\/uploads\/2025\/06\/WhatsApp-Bild-2025-05-31-um-17.03.27_ee870cb6-e1749571502731.jpg 1600w\" sizes=\"auto, (max-width: 1024px) 100vw, 1024px\" \/><\/figure>\n\n\n\n<p>P\u00fcnktlich vor unserem Jahreskonzert Mitte Juni waren wir wieder zu Gast in der Akademie Klausenhof zu unserem j\u00e4hrlichen Chorwochende.<\/p>\n\n\n<div class=\"wp-block-image\">\n<figure class=\"alignright size-large is-resized\"><img loading=\"lazy\" decoding=\"async\" width=\"1024\" height=\"768\" src=\"https:\/\/www.haste-toene-dinslaken.de\/wp-content\/uploads\/2025\/06\/WhatsApp-Bild-2025-06-01-um-15.34.17_f069a41e-1024x768.jpg\" alt=\"\" class=\"wp-image-65\" style=\"width:243px;height:auto\" srcset=\"https:\/\/www.haste-toene-dinslaken.de\/wp-content\/uploads\/2025\/06\/WhatsApp-Bild-2025-06-01-um-15.34.17_f069a41e-1024x768.jpg 1024w, https:\/\/www.haste-toene-dinslaken.de\/wp-content\/uploads\/2025\/06\/WhatsApp-Bild-2025-06-01-um-15.34.17_f069a41e-300x225.jpg 300w, https:\/\/www.haste-toene-dinslaken.de\/wp-content\/uploads\/2025\/06\/WhatsApp-Bild-2025-06-01-um-15.34.17_f069a41e-768x576.jpg 768w, https:\/\/www.haste-toene-dinslaken.de\/wp-content\/uploads\/2025\/06\/WhatsApp-Bild-2025-06-01-um-15.34.17_f069a41e-1536x1152.jpg 1536w, https:\/\/www.haste-toene-dinslaken.de\/wp-content\/uploads\/2025\/06\/WhatsApp-Bild-2025-06-01-um-15.34.17_f069a41e-400x300.jpg 400w, https:\/\/www.haste-toene-dinslaken.de\/wp-content\/uploads\/2025\/06\/WhatsApp-Bild-2025-06-01-um-15.34.17_f069a41e.jpg 2000w\" sizes=\"auto, (max-width: 1024px) 100vw, 1024px\" \/><\/figure>\n<\/div>\n\n\n<p>Zwei Tage lang durften wir mit Sabine unser Sommerprogramm einstudieren und nat\u00fcrlich durfte auch das gemeinsame Miteinander nicht zu kurz kommen. Frei nach dem Motto &#8222;Wo gesungen wird, da lass Dich ruhig nieder&#8220; gab zum Abschluss des Tages auch der &#8222;Heidekeller&#8220; in der Akademie sich die Ehre.<\/p>\n\n\n\n<p>Nat\u00fcrlich haben wir uns bei der flei\u00dfigen K\u00fcchencrew auch mit einem &#8222;St\u00e4ndchen&#8220; gedankt.<\/p>\n\n\n\n<p>Auf ein baldiges Wiedersehen&#8230;.<\/p>\n\n\n\n<p><\/p>\n","protected":false},"excerpt":{"rendered":"<p>Singen ist eine edle Kunst und \u00dcbung. (Martin Luther) P\u00fcnktlich vor unserem Jahreskonzert Mitte Juni waren wir wieder zu Gast in der Akademie Klausenhof zu unserem j\u00e4hrlichen Chorwochende. Zwei Tage lang durften wir mit Sabine unser Sommerprogramm einstudieren und nat\u00fcrlich &hellip; <a href=\"https:\/\/www.haste-toene-dinslaken.de\/index.php\/2025\/06\/10\/chorwochenende-2025\/\">Weiterlesen <span class=\"meta-nav\">&rarr;<\/span><\/a><\/p>\n","protected":false},"author":1,"featured_media":0,"comment_status":"closed","ping_status":"open","sticky":false,"template":"","format":"standard","meta":{"_jetpack_memberships_contains_paid_content":false,"footnotes":""},"categories":[7],"tags":[],"class_list":["post-58","post","type-post","status-publish","format-standard","hentry","category-on-tour"],"jetpack_featured_media_url":"","jetpack_sharing_enabled":true,"_links":{"self":[{"href":"https:\/\/www.haste-toene-dinslaken.de\/index.php\/wp-json\/wp\/v2\/posts\/58","targetHints":{"allow":["GET"]}}],"collection":[{"href":"https:\/\/www.haste-toene-dinslaken.de\/index.php\/wp-json\/wp\/v2\/posts"}],"about":[{"href":"https:\/\/www.haste-toene-dinslaken.de\/index.php\/wp-json\/wp\/v2\/types\/post"}],"author":[{"embeddable":true,"href":"https:\/\/www.haste-toene-dinslaken.de\/index.php\/wp-json\/wp\/v2\/users\/1"}],"replies":[{"embeddable":true,"href":"https:\/\/www.haste-toene-dinslaken.de\/index.php\/wp-json\/wp\/v2\/comments?post=58"}],"version-history":[{"count":3,"href":"https:\/\/www.haste-toene-dinslaken.de\/index.php\/wp-json\/wp\/v2\/posts\/58\/revisions"}],"predecessor-version":[{"id":66,"href":"https:\/\/www.haste-toene-dinslaken.de\/index.php\/wp-json\/wp\/v2\/posts\/58\/revisions\/66"}],"wp:attachment":[{"href":"https:\/\/www.haste-toene-dinslaken.de\/index.php\/wp-json\/wp\/v2\/media?parent=58"}],"wp:term":[{"taxonomy":"category","embeddable":true,"href":"https:\/\/www.haste-toene-dinslaken.de\/index.php\/wp-json\/wp\/v2\/categories?post=58"},{"taxonomy":"post_tag","embeddable":true,"href":"https:\/\/www.haste-toene-dinslaken.de\/index.php\/wp-json\/wp\/v2\/tags?post=58"}],"curies":[{"name":"wp","href":"https:\/\/api.w.org\/{rel}","templated":true}]}}