{"id":299,"date":"2025-12-22T09:01:31","date_gmt":"2025-12-22T08:01:31","guid":{"rendered":"https:\/\/www.haste-toene-dinslaken.de\/?p=299"},"modified":"2025-12-22T09:29:05","modified_gmt":"2025-12-22T08:29:05","slug":"weihnachten-mit-haste-toene","status":"publish","type":"post","link":"https:\/\/www.haste-toene-dinslaken.de\/index.php\/2025\/12\/22\/weihnachten-mit-haste-toene\/","title":{"rendered":"Weihnachten mit &#8222;Haste T\u00f6ne&#8220;"},"content":{"rendered":"\n<p>Schon im August hie\u00df es f\u00fcr uns &#8222;Weihnachtslieder singen&#8220;. Denn nach den Sommerferien ist vor dem traditionellen Adventskonzert, das dieses Mal nicht in der Stadtkirche stattfinden konnte. Statt dessen wurden wir herzlich in der Friedenskirche in Eppinghoven aufgenommen.<\/p>\n\n\n<div class=\"wp-block-image\">\n<figure class=\"alignright size-full is-resized\"><img loading=\"lazy\" decoding=\"async\" width=\"1020\" height=\"630\" src=\"https:\/\/www.haste-toene-dinslaken.de\/wp-content\/uploads\/2025\/12\/Friedenskirche1_klein.png\" alt=\"\" class=\"wp-image-349\" style=\"aspect-ratio:1.5960033305578685;width:379px;height:auto\" srcset=\"https:\/\/www.haste-toene-dinslaken.de\/wp-content\/uploads\/2025\/12\/Friedenskirche1_klein.png 1020w, https:\/\/www.haste-toene-dinslaken.de\/wp-content\/uploads\/2025\/12\/Friedenskirche1_klein-300x185.png 300w, https:\/\/www.haste-toene-dinslaken.de\/wp-content\/uploads\/2025\/12\/Friedenskirche1_klein-768x474.png 768w, https:\/\/www.haste-toene-dinslaken.de\/wp-content\/uploads\/2025\/12\/Friedenskirche1_klein-486x300.png 486w\" sizes=\"auto, (max-width: 1020px) 100vw, 1020px\" \/><\/figure>\n<\/div>\n\n\n<p>Unsere Bef\u00fcrchtungen, dass aufgrund des recht sp\u00e4ten Termins und der Verlegung des Veranstaltungsortes einige Besucher nicht den Weg zu uns finden, haben sich gl\u00fccklicherweise nicht best\u00e4tigt. Wir haben uns sehr gefreut, dass die Kirche letztlich fast voll besetzt war! <\/p>\n\n\n\n<p>Vor vollem Haus durften wir also hochmotiviert unser lang und intensiv ge\u00fcbtes &#8222;Winterprogramm&#8220; pr\u00e4sentieren, von Klassikern im neuen Gewand, wie &#8222;Night of Silence\/Silent Night&#8220; bis modernen Interpretationen mit &#8222;Weihnachtslieder Singen&#8220; haben wir ein buntes Programm erstellt, professionell geleitet von Sabine Juchem. <\/p>\n\n\n\n<p>Besonders sch\u00f6n auch, dass sowohl Sabine als auch ihre Tochter den Abend mit ihren Solost\u00fccken erg\u00e4nzt haben, nicht fehlen durfte auch eine gef\u00fchl- und humorvoll vorgetragene Weihnachtsgeschichte.<\/p>\n\n\n\n<p>Der Eintritt war frei, daf\u00fcr haben wir um eine Spende zu Gunsten des Vereins Wunderfinder gebeten. Dieser darf sich so auch \u00fcber eine durchaus beachtliche Hilfe f\u00fcr seine ehrenamtliche Arbeit freuen &#8211; und wir sagen daf\u00fcr allen Spenderinnen und Spendern des Abends herzlichen Dank!<\/p>\n\n\n\n<p>Ebenfalls motivierend der Beitrag von Lothar Herbst in &#8222;Dinslaken, meine Stadt&#8220; &#8211; danke f\u00fcr die herzlichen Worte!<\/p>\n\n\n\n<figure class=\"wp-block-embed is-type-rich is-provider-handler-einbetten wp-block-embed-handler-einbetten\"><div class=\"wp-block-embed__wrapper\">\n<div class=\"fb-post\" data-href=\"https:\/\/www.facebook.com\/DinslakenMeineStadt\/posts\/pfbid02XvmeaHugh7S94fxrD586jiuz4wAkFTmuuqXRytffDmnvbEYscu3uCDWhUZJ57NHl?__cft__%5B0%5D=AZaS_vBrS42FIx_LpALtXlevHIMq63Mww5EcXTq4bE9Z2QzXmGO7-bSJrAEcq5oNaTnDmhc_nODR8E-EP-H__s8zl529B-Ta-j5oPx71rKFTQhf0RflUom7vwF3BHkmSqgiBvYNiUv4X43I2kgyj7Kpsz7o0yT1NxR7ho_OF2mnRug&#038;__tn__=%2CO%2CP-R\" data-width=\"552\" style=\"background-color: #fff; display: inline-block;\"><\/div>\n<\/div><\/figure>\n\n\n\n<p>Nach der &#8222;Weihnachtspause&#8220; geht es dann im Januar ans Sommerprogramm, die Planungen laufen bereits jetzt.<\/p>\n\n\n<div class=\"wp-block-image\">\n<figure class=\"alignleft size-full is-resized\"><img loading=\"lazy\" decoding=\"async\" width=\"1024\" height=\"768\" src=\"https:\/\/www.haste-toene-dinslaken.de\/wp-content\/uploads\/2025\/12\/christmas-wishes-from-choir.png\" alt=\"\" class=\"wp-image-350\" style=\"aspect-ratio:1.3232758620689655;width:160px;height:auto\" srcset=\"https:\/\/www.haste-toene-dinslaken.de\/wp-content\/uploads\/2025\/12\/christmas-wishes-from-choir.png 1024w, https:\/\/www.haste-toene-dinslaken.de\/wp-content\/uploads\/2025\/12\/christmas-wishes-from-choir-300x225.png 300w, https:\/\/www.haste-toene-dinslaken.de\/wp-content\/uploads\/2025\/12\/christmas-wishes-from-choir-768x576.png 768w, https:\/\/www.haste-toene-dinslaken.de\/wp-content\/uploads\/2025\/12\/christmas-wishes-from-choir-400x300.png 400w\" sizes=\"auto, (max-width: 1024px) 100vw, 1024px\" \/><\/figure>\n<\/div>\n\n\n<p><strong>Wir freuen uns schon auf die Proben, w\u00fcnschen allen bis dahin ein besinnliches Weihnachtsfest und einen guten Rusch ins neue Jahr &#8211; 2026!<\/strong><\/p>\n\n\n\n<p>Wir sehen uns!<\/p>\n\n\n\n<p><\/p>\n","protected":false},"excerpt":{"rendered":"<p>Schon im August hie\u00df es f\u00fcr uns &#8222;Weihnachtslieder singen&#8220;. Denn nach den Sommerferien ist vor dem traditionellen Adventskonzert, das dieses Mal nicht in der Stadtkirche stattfinden konnte. Statt dessen wurden wir herzlich in der Friedenskirche in Eppinghoven aufgenommen. Unsere Bef\u00fcrchtungen, &hellip; <a href=\"https:\/\/www.haste-toene-dinslaken.de\/index.php\/2025\/12\/22\/weihnachten-mit-haste-toene\/\">Weiterlesen <span class=\"meta-nav\">&rarr;<\/span><\/a><\/p>\n","protected":false},"author":1,"featured_media":0,"comment_status":"closed","ping_status":"open","sticky":false,"template":"","format":"standard","meta":{"_jetpack_memberships_contains_paid_content":false,"footnotes":""},"categories":[4],"tags":[],"class_list":["post-299","post","type-post","status-publish","format-standard","hentry","category-aktuelles"],"jetpack_featured_media_url":"","jetpack_sharing_enabled":true,"_links":{"self":[{"href":"https:\/\/www.haste-toene-dinslaken.de\/index.php\/wp-json\/wp\/v2\/posts\/299","targetHints":{"allow":["GET"]}}],"collection":[{"href":"https:\/\/www.haste-toene-dinslaken.de\/index.php\/wp-json\/wp\/v2\/posts"}],"about":[{"href":"https:\/\/www.haste-toene-dinslaken.de\/index.php\/wp-json\/wp\/v2\/types\/post"}],"author":[{"embeddable":true,"href":"https:\/\/www.haste-toene-dinslaken.de\/index.php\/wp-json\/wp\/v2\/users\/1"}],"replies":[{"embeddable":true,"href":"https:\/\/www.haste-toene-dinslaken.de\/index.php\/wp-json\/wp\/v2\/comments?post=299"}],"version-history":[{"count":4,"href":"https:\/\/www.haste-toene-dinslaken.de\/index.php\/wp-json\/wp\/v2\/posts\/299\/revisions"}],"predecessor-version":[{"id":355,"href":"https:\/\/www.haste-toene-dinslaken.de\/index.php\/wp-json\/wp\/v2\/posts\/299\/revisions\/355"}],"wp:attachment":[{"href":"https:\/\/www.haste-toene-dinslaken.de\/index.php\/wp-json\/wp\/v2\/media?parent=299"}],"wp:term":[{"taxonomy":"category","embeddable":true,"href":"https:\/\/www.haste-toene-dinslaken.de\/index.php\/wp-json\/wp\/v2\/categories?post=299"},{"taxonomy":"post_tag","embeddable":true,"href":"https:\/\/www.haste-toene-dinslaken.de\/index.php\/wp-json\/wp\/v2\/tags?post=299"}],"curies":[{"name":"wp","href":"https:\/\/api.w.org\/{rel}","templated":true}]}}